{"id":7489,"date":"2021-07-31T16:19:46","date_gmt":"2021-07-31T14:19:46","guid":{"rendered":"https:\/\/david-allemand.com\/?p=7489"},"modified":"2022-05-24T09:22:57","modified_gmt":"2022-05-24T07:22:57","slug":"oppv-objectif-photo-en-perigord-vert","status":"publish","type":"post","link":"https:\/\/david-allemand.com\/en\/2021\/07\/31\/oppv-objectif-photo-en-perigord-vert\/","title":{"rendered":"Photographic meetings in P\u00e9rigord Limousin"},"content":{"rendered":"<p><a href=\"https:\/\/david-allemand.com\/wp-content\/uploads\/2021\/07\/Exposition-Thiviers.jpg\"><img loading=\"lazy\" decoding=\"async\" class=\"aligncenter size-full wp-image-7485\" src=\"https:\/\/david-allemand.com\/wp-content\/uploads\/2021\/07\/Exposition-Thiviers.jpg\" alt=\"\" width=\"571\" height=\"800\" srcset=\"https:\/\/david-allemand.com\/wp-content\/uploads\/2021\/07\/Exposition-Thiviers.jpg 571w, https:\/\/david-allemand.com\/wp-content\/uploads\/2021\/07\/Exposition-Thiviers-214x300.jpg 214w\" sizes=\"auto, (max-width: 571px) 100vw, 571px\" \/><\/a><\/p>\n<p>We will exhibit &#8220;Owls&#8221;, in the heart of <strong>P\u00e9rigord<\/strong> in the Dordogne, on <strong>August 6, 7 and 8, 2021.<\/strong> For this occasion, we are the guests of honor by making the Festival poster with this image of little owl in flight. We will be happy to meet you from 06 to 08 August at the <strong>Parc de Thiviers room<\/strong>!<\/p>\n","protected":false},"excerpt":{"rendered":"<p>We will exhibit &#8220;Owls&#8221;, in the heart of P\u00e9rigord in the Dordogne, on August 6, 7 and 8, 2021. For this occasion, we are the guests of honor by making the Festival poster with this image of little owl in flight. We will be happy to meet you from 06 to 08 August at the [&hellip;]<\/p>\n","protected":false},"author":2,"featured_media":7485,"comment_status":"open","ping_status":"open","sticky":false,"template":"","format":"standard","meta":{"_acf_changed":false,"footnotes":""},"categories":[86,90],"tags":[],"class_list":["post-7489","post","type-post","status-publish","format-standard","has-post-thumbnail","hentry","category-exhibition","category-news"],"acf":[],"yoast_head":"<!-- This site is optimized with the Yoast SEO plugin v27.2 - https:\/\/yoast.com\/product\/yoast-seo-wordpress\/ -->\n<title>Photographic meetings in P\u00e9rigord Limousin - St\u00e9phanie et David Allemand photographes<\/title>\n<meta name=\"robots\" content=\"index, follow, max-snippet:-1, max-image-preview:large, max-video-preview:-1\" \/>\n<link rel=\"canonical\" href=\"https:\/\/david-allemand.com\/en\/2021\/07\/31\/oppv-objectif-photo-en-perigord-vert\/\" \/>\n<meta property=\"og:locale\" content=\"en_US\" \/>\n<meta property=\"og:type\" content=\"article\" \/>\n<meta property=\"og:title\" content=\"Photographic meetings in P\u00e9rigord Limousin - St\u00e9phanie et David Allemand photographes\" \/>\n<meta property=\"og:description\" content=\"We will exhibit &#8220;Owls&#8221;, in the heart of P\u00e9rigord in the Dordogne, on August 6, 7 and 8, 2021. For this occasion, we are the guests of honor by making the Festival poster with this image of little owl in flight. We will be happy to meet you from 06 to 08 August at the [&hellip;]\" \/>\n<meta property=\"og:url\" content=\"https:\/\/david-allemand.com\/en\/2021\/07\/31\/oppv-objectif-photo-en-perigord-vert\/\" \/>\n<meta property=\"og:site_name\" content=\"St\u00e9phanie et David Allemand photographes\" \/>\n<meta property=\"article:published_time\" content=\"2021-07-31T14:19:46+00:00\" \/>\n<meta property=\"article:modified_time\" content=\"2022-05-24T07:22:57+00:00\" \/>\n<meta property=\"og:image\" content=\"https:\/\/david-allemand.com\/wp-content\/uploads\/2021\/07\/Exposition-Thiviers.jpg\" \/>\n\t<meta property=\"og:image:width\" content=\"571\" \/>\n\t<meta property=\"og:image:height\" content=\"800\" \/>\n\t<meta property=\"og:image:type\" content=\"image\/jpeg\" \/>\n<meta name=\"author\" content=\"David Allemand\" \/>\n<meta name=\"twitter:card\" content=\"summary_large_image\" \/>\n<meta name=\"twitter:label1\" content=\"Written by\" \/>\n\t<meta name=\"twitter:data1\" content=\"David Allemand\" \/>\n\t<meta name=\"twitter:label2\" content=\"Est. reading time\" \/>\n\t<meta name=\"twitter:data2\" content=\"1 minute\" \/>\n<script type=\"application\/ld+json\" class=\"yoast-schema-graph\">{\"@context\":\"https:\/\/schema.org\",\"@graph\":[{\"@type\":\"Article\",\"@id\":\"https:\/\/david-allemand.com\/en\/2021\/07\/31\/oppv-objectif-photo-en-perigord-vert\/#article\",\"isPartOf\":{\"@id\":\"https:\/\/david-allemand.com\/en\/2021\/07\/31\/oppv-objectif-photo-en-perigord-vert\/\"},\"author\":{\"name\":\"David Allemand\",\"@id\":\"https:\/\/david-allemand.com\/en\/#\/schema\/person\/2219ae5dcb2ffa4f226119dd2895f8df\"},\"headline\":\"Photographic meetings in P\u00e9rigord Limousin\",\"datePublished\":\"2021-07-31T14:19:46+00:00\",\"dateModified\":\"2022-05-24T07:22:57+00:00\",\"mainEntityOfPage\":{\"@id\":\"https:\/\/david-allemand.com\/en\/2021\/07\/31\/oppv-objectif-photo-en-perigord-vert\/\"},\"wordCount\":60,\"commentCount\":0,\"publisher\":{\"@id\":\"https:\/\/david-allemand.com\/en\/#\/schema\/person\/2219ae5dcb2ffa4f226119dd2895f8df\"},\"image\":{\"@id\":\"https:\/\/david-allemand.com\/en\/2021\/07\/31\/oppv-objectif-photo-en-perigord-vert\/#primaryimage\"},\"thumbnailUrl\":\"https:\/\/david-allemand.com\/wp-content\/uploads\/2021\/07\/Exposition-Thiviers.jpg\",\"articleSection\":[\"Exhibitions\",\"News\"],\"inLanguage\":\"en-US\",\"potentialAction\":[{\"@type\":\"CommentAction\",\"name\":\"Comment\",\"target\":[\"https:\/\/david-allemand.com\/en\/2021\/07\/31\/oppv-objectif-photo-en-perigord-vert\/#respond\"]}]},{\"@type\":\"WebPage\",\"@id\":\"https:\/\/david-allemand.com\/en\/2021\/07\/31\/oppv-objectif-photo-en-perigord-vert\/\",\"url\":\"https:\/\/david-allemand.com\/en\/2021\/07\/31\/oppv-objectif-photo-en-perigord-vert\/\",\"name\":\"Photographic meetings in P\u00e9rigord Limousin - St\u00e9phanie et David Allemand photographes\",\"isPartOf\":{\"@id\":\"https:\/\/david-allemand.com\/en\/#website\"},\"primaryImageOfPage\":{\"@id\":\"https:\/\/david-allemand.com\/en\/2021\/07\/31\/oppv-objectif-photo-en-perigord-vert\/#primaryimage\"},\"image\":{\"@id\":\"https:\/\/david-allemand.com\/en\/2021\/07\/31\/oppv-objectif-photo-en-perigord-vert\/#primaryimage\"},\"thumbnailUrl\":\"https:\/\/david-allemand.com\/wp-content\/uploads\/2021\/07\/Exposition-Thiviers.jpg\",\"datePublished\":\"2021-07-31T14:19:46+00:00\",\"dateModified\":\"2022-05-24T07:22:57+00:00\",\"breadcrumb\":{\"@id\":\"https:\/\/david-allemand.com\/en\/2021\/07\/31\/oppv-objectif-photo-en-perigord-vert\/#breadcrumb\"},\"inLanguage\":\"en-US\",\"potentialAction\":[{\"@type\":\"ReadAction\",\"target\":[\"https:\/\/david-allemand.com\/en\/2021\/07\/31\/oppv-objectif-photo-en-perigord-vert\/\"]}]},{\"@type\":\"ImageObject\",\"inLanguage\":\"en-US\",\"@id\":\"https:\/\/david-allemand.com\/en\/2021\/07\/31\/oppv-objectif-photo-en-perigord-vert\/#primaryimage\",\"url\":\"https:\/\/david-allemand.com\/wp-content\/uploads\/2021\/07\/Exposition-Thiviers.jpg\",\"contentUrl\":\"https:\/\/david-allemand.com\/wp-content\/uploads\/2021\/07\/Exposition-Thiviers.jpg\",\"width\":571,\"height\":800},{\"@type\":\"BreadcrumbList\",\"@id\":\"https:\/\/david-allemand.com\/en\/2021\/07\/31\/oppv-objectif-photo-en-perigord-vert\/#breadcrumb\",\"itemListElement\":[{\"@type\":\"ListItem\",\"position\":1,\"name\":\"Accueil\",\"item\":\"https:\/\/david-allemand.com\/en\/\"},{\"@type\":\"ListItem\",\"position\":2,\"name\":\"Expositions\",\"item\":\"https:\/\/david-allemand.com\/category\/exposition\/\"},{\"@type\":\"ListItem\",\"position\":3,\"name\":\"Photographic meetings in P\u00e9rigord Limousin\"}]},{\"@type\":\"WebSite\",\"@id\":\"https:\/\/david-allemand.com\/en\/#website\",\"url\":\"https:\/\/david-allemand.com\/en\/\",\"name\":\"St\u00e9phanie et David Allemand photographes\",\"description\":\"\",\"publisher\":{\"@id\":\"https:\/\/david-allemand.com\/en\/#\/schema\/person\/2219ae5dcb2ffa4f226119dd2895f8df\"},\"potentialAction\":[{\"@type\":\"SearchAction\",\"target\":{\"@type\":\"EntryPoint\",\"urlTemplate\":\"https:\/\/david-allemand.com\/en\/?s={search_term_string}\"},\"query-input\":{\"@type\":\"PropertyValueSpecification\",\"valueRequired\":true,\"valueName\":\"search_term_string\"}}],\"inLanguage\":\"en-US\"},{\"@type\":[\"Person\",\"Organization\"],\"@id\":\"https:\/\/david-allemand.com\/en\/#\/schema\/person\/2219ae5dcb2ffa4f226119dd2895f8df\",\"name\":\"David Allemand\",\"image\":{\"@type\":\"ImageObject\",\"inLanguage\":\"en-US\",\"@id\":\"https:\/\/secure.gravatar.com\/avatar\/a7b8c93239d921a7382e8ac942b4b7f577b43148bea91623ff0460844afa3fea?s=96&d=mm&r=g\",\"url\":\"https:\/\/secure.gravatar.com\/avatar\/a7b8c93239d921a7382e8ac942b4b7f577b43148bea91623ff0460844afa3fea?s=96&d=mm&r=g\",\"contentUrl\":\"https:\/\/secure.gravatar.com\/avatar\/a7b8c93239d921a7382e8ac942b4b7f577b43148bea91623ff0460844afa3fea?s=96&d=mm&r=g\",\"caption\":\"David Allemand\"},\"logo\":{\"@id\":\"https:\/\/secure.gravatar.com\/avatar\/a7b8c93239d921a7382e8ac942b4b7f577b43148bea91623ff0460844afa3fea?s=96&d=mm&r=g\"}}]}<\/script>\n<!-- \/ Yoast SEO plugin. -->","yoast_head_json":{"title":"Photographic meetings in P\u00e9rigord Limousin - St\u00e9phanie et David Allemand photographes","robots":{"index":"index","follow":"follow","max-snippet":"max-snippet:-1","max-image-preview":"max-image-preview:large","max-video-preview":"max-video-preview:-1"},"canonical":"https:\/\/david-allemand.com\/en\/2021\/07\/31\/oppv-objectif-photo-en-perigord-vert\/","og_locale":"en_US","og_type":"article","og_title":"Photographic meetings in P\u00e9rigord Limousin - St\u00e9phanie et David Allemand photographes","og_description":"We will exhibit &#8220;Owls&#8221;, in the heart of P\u00e9rigord in the Dordogne, on August 6, 7 and 8, 2021. For this occasion, we are the guests of honor by making the Festival poster with this image of little owl in flight. We will be happy to meet you from 06 to 08 August at the [&hellip;]","og_url":"https:\/\/david-allemand.com\/en\/2021\/07\/31\/oppv-objectif-photo-en-perigord-vert\/","og_site_name":"St\u00e9phanie et David Allemand photographes","article_published_time":"2021-07-31T14:19:46+00:00","article_modified_time":"2022-05-24T07:22:57+00:00","og_image":[{"width":571,"height":800,"url":"https:\/\/david-allemand.com\/wp-content\/uploads\/2021\/07\/Exposition-Thiviers.jpg","type":"image\/jpeg"}],"author":"David Allemand","twitter_card":"summary_large_image","twitter_misc":{"Written by":"David Allemand","Est. reading time":"1 minute"},"schema":{"@context":"https:\/\/schema.org","@graph":[{"@type":"Article","@id":"https:\/\/david-allemand.com\/en\/2021\/07\/31\/oppv-objectif-photo-en-perigord-vert\/#article","isPartOf":{"@id":"https:\/\/david-allemand.com\/en\/2021\/07\/31\/oppv-objectif-photo-en-perigord-vert\/"},"author":{"name":"David Allemand","@id":"https:\/\/david-allemand.com\/en\/#\/schema\/person\/2219ae5dcb2ffa4f226119dd2895f8df"},"headline":"Photographic meetings in P\u00e9rigord Limousin","datePublished":"2021-07-31T14:19:46+00:00","dateModified":"2022-05-24T07:22:57+00:00","mainEntityOfPage":{"@id":"https:\/\/david-allemand.com\/en\/2021\/07\/31\/oppv-objectif-photo-en-perigord-vert\/"},"wordCount":60,"commentCount":0,"publisher":{"@id":"https:\/\/david-allemand.com\/en\/#\/schema\/person\/2219ae5dcb2ffa4f226119dd2895f8df"},"image":{"@id":"https:\/\/david-allemand.com\/en\/2021\/07\/31\/oppv-objectif-photo-en-perigord-vert\/#primaryimage"},"thumbnailUrl":"https:\/\/david-allemand.com\/wp-content\/uploads\/2021\/07\/Exposition-Thiviers.jpg","articleSection":["Exhibitions","News"],"inLanguage":"en-US","potentialAction":[{"@type":"CommentAction","name":"Comment","target":["https:\/\/david-allemand.com\/en\/2021\/07\/31\/oppv-objectif-photo-en-perigord-vert\/#respond"]}]},{"@type":"WebPage","@id":"https:\/\/david-allemand.com\/en\/2021\/07\/31\/oppv-objectif-photo-en-perigord-vert\/","url":"https:\/\/david-allemand.com\/en\/2021\/07\/31\/oppv-objectif-photo-en-perigord-vert\/","name":"Photographic meetings in P\u00e9rigord Limousin - St\u00e9phanie et David Allemand photographes","isPartOf":{"@id":"https:\/\/david-allemand.com\/en\/#website"},"primaryImageOfPage":{"@id":"https:\/\/david-allemand.com\/en\/2021\/07\/31\/oppv-objectif-photo-en-perigord-vert\/#primaryimage"},"image":{"@id":"https:\/\/david-allemand.com\/en\/2021\/07\/31\/oppv-objectif-photo-en-perigord-vert\/#primaryimage"},"thumbnailUrl":"https:\/\/david-allemand.com\/wp-content\/uploads\/2021\/07\/Exposition-Thiviers.jpg","datePublished":"2021-07-31T14:19:46+00:00","dateModified":"2022-05-24T07:22:57+00:00","breadcrumb":{"@id":"https:\/\/david-allemand.com\/en\/2021\/07\/31\/oppv-objectif-photo-en-perigord-vert\/#breadcrumb"},"inLanguage":"en-US","potentialAction":[{"@type":"ReadAction","target":["https:\/\/david-allemand.com\/en\/2021\/07\/31\/oppv-objectif-photo-en-perigord-vert\/"]}]},{"@type":"ImageObject","inLanguage":"en-US","@id":"https:\/\/david-allemand.com\/en\/2021\/07\/31\/oppv-objectif-photo-en-perigord-vert\/#primaryimage","url":"https:\/\/david-allemand.com\/wp-content\/uploads\/2021\/07\/Exposition-Thiviers.jpg","contentUrl":"https:\/\/david-allemand.com\/wp-content\/uploads\/2021\/07\/Exposition-Thiviers.jpg","width":571,"height":800},{"@type":"BreadcrumbList","@id":"https:\/\/david-allemand.com\/en\/2021\/07\/31\/oppv-objectif-photo-en-perigord-vert\/#breadcrumb","itemListElement":[{"@type":"ListItem","position":1,"name":"Accueil","item":"https:\/\/david-allemand.com\/en\/"},{"@type":"ListItem","position":2,"name":"Expositions","item":"https:\/\/david-allemand.com\/category\/exposition\/"},{"@type":"ListItem","position":3,"name":"Photographic meetings in P\u00e9rigord Limousin"}]},{"@type":"WebSite","@id":"https:\/\/david-allemand.com\/en\/#website","url":"https:\/\/david-allemand.com\/en\/","name":"St\u00e9phanie et David Allemand photographes","description":"","publisher":{"@id":"https:\/\/david-allemand.com\/en\/#\/schema\/person\/2219ae5dcb2ffa4f226119dd2895f8df"},"potentialAction":[{"@type":"SearchAction","target":{"@type":"EntryPoint","urlTemplate":"https:\/\/david-allemand.com\/en\/?s={search_term_string}"},"query-input":{"@type":"PropertyValueSpecification","valueRequired":true,"valueName":"search_term_string"}}],"inLanguage":"en-US"},{"@type":["Person","Organization"],"@id":"https:\/\/david-allemand.com\/en\/#\/schema\/person\/2219ae5dcb2ffa4f226119dd2895f8df","name":"David Allemand","image":{"@type":"ImageObject","inLanguage":"en-US","@id":"https:\/\/secure.gravatar.com\/avatar\/a7b8c93239d921a7382e8ac942b4b7f577b43148bea91623ff0460844afa3fea?s=96&d=mm&r=g","url":"https:\/\/secure.gravatar.com\/avatar\/a7b8c93239d921a7382e8ac942b4b7f577b43148bea91623ff0460844afa3fea?s=96&d=mm&r=g","contentUrl":"https:\/\/secure.gravatar.com\/avatar\/a7b8c93239d921a7382e8ac942b4b7f577b43148bea91623ff0460844afa3fea?s=96&d=mm&r=g","caption":"David Allemand"},"logo":{"@id":"https:\/\/secure.gravatar.com\/avatar\/a7b8c93239d921a7382e8ac942b4b7f577b43148bea91623ff0460844afa3fea?s=96&d=mm&r=g"}}]}},"_links":{"self":[{"href":"https:\/\/david-allemand.com\/en\/wp-json\/wp\/v2\/posts\/7489","targetHints":{"allow":["GET"]}}],"collection":[{"href":"https:\/\/david-allemand.com\/en\/wp-json\/wp\/v2\/posts"}],"about":[{"href":"https:\/\/david-allemand.com\/en\/wp-json\/wp\/v2\/types\/post"}],"author":[{"embeddable":true,"href":"https:\/\/david-allemand.com\/en\/wp-json\/wp\/v2\/users\/2"}],"replies":[{"embeddable":true,"href":"https:\/\/david-allemand.com\/en\/wp-json\/wp\/v2\/comments?post=7489"}],"version-history":[{"count":4,"href":"https:\/\/david-allemand.com\/en\/wp-json\/wp\/v2\/posts\/7489\/revisions"}],"predecessor-version":[{"id":7830,"href":"https:\/\/david-allemand.com\/en\/wp-json\/wp\/v2\/posts\/7489\/revisions\/7830"}],"wp:featuredmedia":[{"embeddable":true,"href":"https:\/\/david-allemand.com\/en\/wp-json\/wp\/v2\/media\/7485"}],"wp:attachment":[{"href":"https:\/\/david-allemand.com\/en\/wp-json\/wp\/v2\/media?parent=7489"}],"wp:term":[{"taxonomy":"category","embeddable":true,"href":"https:\/\/david-allemand.com\/en\/wp-json\/wp\/v2\/categories?post=7489"},{"taxonomy":"post_tag","embeddable":true,"href":"https:\/\/david-allemand.com\/en\/wp-json\/wp\/v2\/tags?post=7489"}],"curies":[{"name":"wp","href":"https:\/\/api.w.org\/{rel}","templated":true}]}}