{"id":5465,"date":"2020-01-09T14:05:03","date_gmt":"2020-01-09T13:05:03","guid":{"rendered":"https:\/\/david-allemand.com\/?p=5465"},"modified":"2020-01-09T14:16:11","modified_gmt":"2020-01-09T13:16:11","slug":"congres-des-parcs-naturels-regionaux-de-france","status":"publish","type":"post","link":"https:\/\/david-allemand.com\/en\/2020\/01\/09\/congres-des-parcs-naturels-regionaux-de-france\/","title":{"rendered":"Congr\u00e8s des Parcs Naturels R\u00e9gionaux de France"},"content":{"rendered":"<p><a href=\"https:\/\/david-allemand.com\/wp-content\/uploads\/2012\/10\/CongresdesParcs-2.jpg\"><img loading=\"lazy\" decoding=\"async\" class=\"aligncenter size-full wp-image-1466\" src=\"https:\/\/david-allemand.com\/wp-content\/uploads\/2012\/10\/CongresdesParcs-2.jpg\" alt=\"\" width=\"800\" height=\"256\" srcset=\"https:\/\/david-allemand.com\/wp-content\/uploads\/2012\/10\/CongresdesParcs-2.jpg 800w, https:\/\/david-allemand.com\/wp-content\/uploads\/2012\/10\/CongresdesParcs-2-600x192.jpg 600w, https:\/\/david-allemand.com\/wp-content\/uploads\/2012\/10\/CongresdesParcs-2-300x96.jpg 300w, https:\/\/david-allemand.com\/wp-content\/uploads\/2012\/10\/CongresdesParcs-2-768x246.jpg 768w\" sizes=\"auto, (max-width: 800px) 100vw, 800px\" \/><\/a><\/p>\n<ul>\n<li>Congress of the Regional Natural Parks of France : from the 10 to the 13 th of october 2012, the Congress of the Regional Natural Parks of France meet in the Regional Natural Park of Verdon in the city of Aups.<\/li>\n<\/ul>\n<ul class=\"spip\">\n<li>Ministers and senior officials of Europe , of the state and of the regions will be present.<\/li>\n<li>The thema of the congress will be \u201cShared projects, alive territories\u201d. My photographic work will be put in the honor by the Park during this event. For the opportunity some exterior kak\u00e9monos will be shown at the public, and a slide show will be spread in buckle.<\/li>\n<\/ul>\n","protected":false},"excerpt":{"rendered":"<p>Congress of the Regional Natural Parks of France : from the 10 to the 13 th of october 2012, the Congress of the Regional Natural Parks of France meet in the Regional Natural Park of Verdon in the city of Aups. Ministers and senior officials of Europe , of the state and of the regions [&hellip;]<\/p>\n","protected":false},"author":2,"featured_media":3904,"comment_status":"closed","ping_status":"open","sticky":false,"template":"","format":"standard","meta":{"_acf_changed":false,"footnotes":""},"categories":[86],"tags":[],"class_list":["post-5465","post","type-post","status-publish","format-standard","has-post-thumbnail","hentry","category-exhibition"],"acf":[],"yoast_head":"<!-- This site is optimized with the Yoast SEO plugin v27.2 - https:\/\/yoast.com\/product\/yoast-seo-wordpress\/ -->\n<title>Congr\u00e8s des Parcs Naturels R\u00e9gionaux de France - St\u00e9phanie et David Allemand photographes<\/title>\n<meta name=\"robots\" content=\"index, follow, max-snippet:-1, max-image-preview:large, max-video-preview:-1\" \/>\n<link rel=\"canonical\" href=\"https:\/\/david-allemand.com\/en\/2020\/01\/09\/congres-des-parcs-naturels-regionaux-de-france\/\" \/>\n<meta property=\"og:locale\" content=\"en_US\" \/>\n<meta property=\"og:type\" content=\"article\" \/>\n<meta property=\"og:title\" content=\"Congr\u00e8s des Parcs Naturels R\u00e9gionaux de France - St\u00e9phanie et David Allemand photographes\" \/>\n<meta property=\"og:description\" content=\"Congress of the Regional Natural Parks of France : from the 10 to the 13 th of october 2012, the Congress of the Regional Natural Parks of France meet in the Regional Natural Park of Verdon in the city of Aups. Ministers and senior officials of Europe , of the state and of the regions [&hellip;]\" \/>\n<meta property=\"og:url\" content=\"https:\/\/david-allemand.com\/en\/2020\/01\/09\/congres-des-parcs-naturels-regionaux-de-france\/\" \/>\n<meta property=\"og:site_name\" content=\"St\u00e9phanie et David Allemand photographes\" \/>\n<meta property=\"article:published_time\" content=\"2020-01-09T13:05:03+00:00\" \/>\n<meta property=\"article:modified_time\" content=\"2020-01-09T13:16:11+00:00\" \/>\n<meta property=\"og:image\" content=\"https:\/\/david-allemand.com\/wp-content\/uploads\/2012\/10\/les_46_pnr-copie.jpg?v=1578134928\" \/>\n\t<meta property=\"og:image:width\" content=\"400\" \/>\n\t<meta property=\"og:image:height\" content=\"419\" \/>\n\t<meta property=\"og:image:type\" content=\"image\/jpeg\" \/>\n<meta name=\"author\" content=\"David Allemand\" \/>\n<meta name=\"twitter:card\" content=\"summary_large_image\" \/>\n<meta name=\"twitter:label1\" content=\"Written by\" \/>\n\t<meta name=\"twitter:data1\" content=\"David Allemand\" \/>\n\t<meta name=\"twitter:label2\" content=\"Est. reading time\" \/>\n\t<meta name=\"twitter:data2\" content=\"1 minute\" \/>\n<script type=\"application\/ld+json\" class=\"yoast-schema-graph\">{\"@context\":\"https:\/\/schema.org\",\"@graph\":[{\"@type\":\"Article\",\"@id\":\"https:\/\/david-allemand.com\/en\/2020\/01\/09\/congres-des-parcs-naturels-regionaux-de-france\/#article\",\"isPartOf\":{\"@id\":\"https:\/\/david-allemand.com\/en\/2020\/01\/09\/congres-des-parcs-naturels-regionaux-de-france\/\"},\"author\":{\"name\":\"David Allemand\",\"@id\":\"https:\/\/david-allemand.com\/en\/#\/schema\/person\/2219ae5dcb2ffa4f226119dd2895f8df\"},\"headline\":\"Congr\u00e8s des Parcs Naturels R\u00e9gionaux de France\",\"datePublished\":\"2020-01-09T13:05:03+00:00\",\"dateModified\":\"2020-01-09T13:16:11+00:00\",\"mainEntityOfPage\":{\"@id\":\"https:\/\/david-allemand.com\/en\/2020\/01\/09\/congres-des-parcs-naturels-regionaux-de-france\/\"},\"wordCount\":110,\"publisher\":{\"@id\":\"https:\/\/david-allemand.com\/en\/#\/schema\/person\/2219ae5dcb2ffa4f226119dd2895f8df\"},\"image\":{\"@id\":\"https:\/\/david-allemand.com\/en\/2020\/01\/09\/congres-des-parcs-naturels-regionaux-de-france\/#primaryimage\"},\"thumbnailUrl\":\"https:\/\/david-allemand.com\/wp-content\/uploads\/2012\/10\/les_46_pnr-copie.jpg\",\"articleSection\":[\"Exhibitions\"],\"inLanguage\":\"en-US\"},{\"@type\":\"WebPage\",\"@id\":\"https:\/\/david-allemand.com\/en\/2020\/01\/09\/congres-des-parcs-naturels-regionaux-de-france\/\",\"url\":\"https:\/\/david-allemand.com\/en\/2020\/01\/09\/congres-des-parcs-naturels-regionaux-de-france\/\",\"name\":\"Congr\u00e8s des Parcs Naturels R\u00e9gionaux de France - St\u00e9phanie et David Allemand photographes\",\"isPartOf\":{\"@id\":\"https:\/\/david-allemand.com\/en\/#website\"},\"primaryImageOfPage\":{\"@id\":\"https:\/\/david-allemand.com\/en\/2020\/01\/09\/congres-des-parcs-naturels-regionaux-de-france\/#primaryimage\"},\"image\":{\"@id\":\"https:\/\/david-allemand.com\/en\/2020\/01\/09\/congres-des-parcs-naturels-regionaux-de-france\/#primaryimage\"},\"thumbnailUrl\":\"https:\/\/david-allemand.com\/wp-content\/uploads\/2012\/10\/les_46_pnr-copie.jpg\",\"datePublished\":\"2020-01-09T13:05:03+00:00\",\"dateModified\":\"2020-01-09T13:16:11+00:00\",\"breadcrumb\":{\"@id\":\"https:\/\/david-allemand.com\/en\/2020\/01\/09\/congres-des-parcs-naturels-regionaux-de-france\/#breadcrumb\"},\"inLanguage\":\"en-US\",\"potentialAction\":[{\"@type\":\"ReadAction\",\"target\":[\"https:\/\/david-allemand.com\/en\/2020\/01\/09\/congres-des-parcs-naturels-regionaux-de-france\/\"]}]},{\"@type\":\"ImageObject\",\"inLanguage\":\"en-US\",\"@id\":\"https:\/\/david-allemand.com\/en\/2020\/01\/09\/congres-des-parcs-naturels-regionaux-de-france\/#primaryimage\",\"url\":\"https:\/\/david-allemand.com\/wp-content\/uploads\/2012\/10\/les_46_pnr-copie.jpg\",\"contentUrl\":\"https:\/\/david-allemand.com\/wp-content\/uploads\/2012\/10\/les_46_pnr-copie.jpg\",\"width\":400,\"height\":419},{\"@type\":\"BreadcrumbList\",\"@id\":\"https:\/\/david-allemand.com\/en\/2020\/01\/09\/congres-des-parcs-naturels-regionaux-de-france\/#breadcrumb\",\"itemListElement\":[{\"@type\":\"ListItem\",\"position\":1,\"name\":\"Accueil\",\"item\":\"https:\/\/david-allemand.com\/en\/\"},{\"@type\":\"ListItem\",\"position\":2,\"name\":\"Exhibitions\",\"item\":\"https:\/\/david-allemand.com\/en\/category\/exhibition\/\"},{\"@type\":\"ListItem\",\"position\":3,\"name\":\"Congr\u00e8s des Parcs Naturels R\u00e9gionaux de France\"}]},{\"@type\":\"WebSite\",\"@id\":\"https:\/\/david-allemand.com\/en\/#website\",\"url\":\"https:\/\/david-allemand.com\/en\/\",\"name\":\"St\u00e9phanie et David Allemand photographes\",\"description\":\"\",\"publisher\":{\"@id\":\"https:\/\/david-allemand.com\/en\/#\/schema\/person\/2219ae5dcb2ffa4f226119dd2895f8df\"},\"potentialAction\":[{\"@type\":\"SearchAction\",\"target\":{\"@type\":\"EntryPoint\",\"urlTemplate\":\"https:\/\/david-allemand.com\/en\/?s={search_term_string}\"},\"query-input\":{\"@type\":\"PropertyValueSpecification\",\"valueRequired\":true,\"valueName\":\"search_term_string\"}}],\"inLanguage\":\"en-US\"},{\"@type\":[\"Person\",\"Organization\"],\"@id\":\"https:\/\/david-allemand.com\/en\/#\/schema\/person\/2219ae5dcb2ffa4f226119dd2895f8df\",\"name\":\"David Allemand\",\"image\":{\"@type\":\"ImageObject\",\"inLanguage\":\"en-US\",\"@id\":\"https:\/\/secure.gravatar.com\/avatar\/a7b8c93239d921a7382e8ac942b4b7f577b43148bea91623ff0460844afa3fea?s=96&d=mm&r=g\",\"url\":\"https:\/\/secure.gravatar.com\/avatar\/a7b8c93239d921a7382e8ac942b4b7f577b43148bea91623ff0460844afa3fea?s=96&d=mm&r=g\",\"contentUrl\":\"https:\/\/secure.gravatar.com\/avatar\/a7b8c93239d921a7382e8ac942b4b7f577b43148bea91623ff0460844afa3fea?s=96&d=mm&r=g\",\"caption\":\"David Allemand\"},\"logo\":{\"@id\":\"https:\/\/secure.gravatar.com\/avatar\/a7b8c93239d921a7382e8ac942b4b7f577b43148bea91623ff0460844afa3fea?s=96&d=mm&r=g\"}}]}<\/script>\n<!-- \/ Yoast SEO plugin. -->","yoast_head_json":{"title":"Congr\u00e8s des Parcs Naturels R\u00e9gionaux de France - St\u00e9phanie et David Allemand photographes","robots":{"index":"index","follow":"follow","max-snippet":"max-snippet:-1","max-image-preview":"max-image-preview:large","max-video-preview":"max-video-preview:-1"},"canonical":"https:\/\/david-allemand.com\/en\/2020\/01\/09\/congres-des-parcs-naturels-regionaux-de-france\/","og_locale":"en_US","og_type":"article","og_title":"Congr\u00e8s des Parcs Naturels R\u00e9gionaux de France - St\u00e9phanie et David Allemand photographes","og_description":"Congress of the Regional Natural Parks of France : from the 10 to the 13 th of october 2012, the Congress of the Regional Natural Parks of France meet in the Regional Natural Park of Verdon in the city of Aups. Ministers and senior officials of Europe , of the state and of the regions [&hellip;]","og_url":"https:\/\/david-allemand.com\/en\/2020\/01\/09\/congres-des-parcs-naturels-regionaux-de-france\/","og_site_name":"St\u00e9phanie et David Allemand photographes","article_published_time":"2020-01-09T13:05:03+00:00","article_modified_time":"2020-01-09T13:16:11+00:00","og_image":[{"width":400,"height":419,"url":"https:\/\/david-allemand.com\/wp-content\/uploads\/2012\/10\/les_46_pnr-copie.jpg?v=1578134928","type":"image\/jpeg"}],"author":"David Allemand","twitter_card":"summary_large_image","twitter_misc":{"Written by":"David Allemand","Est. reading time":"1 minute"},"schema":{"@context":"https:\/\/schema.org","@graph":[{"@type":"Article","@id":"https:\/\/david-allemand.com\/en\/2020\/01\/09\/congres-des-parcs-naturels-regionaux-de-france\/#article","isPartOf":{"@id":"https:\/\/david-allemand.com\/en\/2020\/01\/09\/congres-des-parcs-naturels-regionaux-de-france\/"},"author":{"name":"David Allemand","@id":"https:\/\/david-allemand.com\/en\/#\/schema\/person\/2219ae5dcb2ffa4f226119dd2895f8df"},"headline":"Congr\u00e8s des Parcs Naturels R\u00e9gionaux de France","datePublished":"2020-01-09T13:05:03+00:00","dateModified":"2020-01-09T13:16:11+00:00","mainEntityOfPage":{"@id":"https:\/\/david-allemand.com\/en\/2020\/01\/09\/congres-des-parcs-naturels-regionaux-de-france\/"},"wordCount":110,"publisher":{"@id":"https:\/\/david-allemand.com\/en\/#\/schema\/person\/2219ae5dcb2ffa4f226119dd2895f8df"},"image":{"@id":"https:\/\/david-allemand.com\/en\/2020\/01\/09\/congres-des-parcs-naturels-regionaux-de-france\/#primaryimage"},"thumbnailUrl":"https:\/\/david-allemand.com\/wp-content\/uploads\/2012\/10\/les_46_pnr-copie.jpg","articleSection":["Exhibitions"],"inLanguage":"en-US"},{"@type":"WebPage","@id":"https:\/\/david-allemand.com\/en\/2020\/01\/09\/congres-des-parcs-naturels-regionaux-de-france\/","url":"https:\/\/david-allemand.com\/en\/2020\/01\/09\/congres-des-parcs-naturels-regionaux-de-france\/","name":"Congr\u00e8s des Parcs Naturels R\u00e9gionaux de France - St\u00e9phanie et David Allemand photographes","isPartOf":{"@id":"https:\/\/david-allemand.com\/en\/#website"},"primaryImageOfPage":{"@id":"https:\/\/david-allemand.com\/en\/2020\/01\/09\/congres-des-parcs-naturels-regionaux-de-france\/#primaryimage"},"image":{"@id":"https:\/\/david-allemand.com\/en\/2020\/01\/09\/congres-des-parcs-naturels-regionaux-de-france\/#primaryimage"},"thumbnailUrl":"https:\/\/david-allemand.com\/wp-content\/uploads\/2012\/10\/les_46_pnr-copie.jpg","datePublished":"2020-01-09T13:05:03+00:00","dateModified":"2020-01-09T13:16:11+00:00","breadcrumb":{"@id":"https:\/\/david-allemand.com\/en\/2020\/01\/09\/congres-des-parcs-naturels-regionaux-de-france\/#breadcrumb"},"inLanguage":"en-US","potentialAction":[{"@type":"ReadAction","target":["https:\/\/david-allemand.com\/en\/2020\/01\/09\/congres-des-parcs-naturels-regionaux-de-france\/"]}]},{"@type":"ImageObject","inLanguage":"en-US","@id":"https:\/\/david-allemand.com\/en\/2020\/01\/09\/congres-des-parcs-naturels-regionaux-de-france\/#primaryimage","url":"https:\/\/david-allemand.com\/wp-content\/uploads\/2012\/10\/les_46_pnr-copie.jpg","contentUrl":"https:\/\/david-allemand.com\/wp-content\/uploads\/2012\/10\/les_46_pnr-copie.jpg","width":400,"height":419},{"@type":"BreadcrumbList","@id":"https:\/\/david-allemand.com\/en\/2020\/01\/09\/congres-des-parcs-naturels-regionaux-de-france\/#breadcrumb","itemListElement":[{"@type":"ListItem","position":1,"name":"Accueil","item":"https:\/\/david-allemand.com\/en\/"},{"@type":"ListItem","position":2,"name":"Exhibitions","item":"https:\/\/david-allemand.com\/en\/category\/exhibition\/"},{"@type":"ListItem","position":3,"name":"Congr\u00e8s des Parcs Naturels R\u00e9gionaux de France"}]},{"@type":"WebSite","@id":"https:\/\/david-allemand.com\/en\/#website","url":"https:\/\/david-allemand.com\/en\/","name":"St\u00e9phanie et David Allemand photographes","description":"","publisher":{"@id":"https:\/\/david-allemand.com\/en\/#\/schema\/person\/2219ae5dcb2ffa4f226119dd2895f8df"},"potentialAction":[{"@type":"SearchAction","target":{"@type":"EntryPoint","urlTemplate":"https:\/\/david-allemand.com\/en\/?s={search_term_string}"},"query-input":{"@type":"PropertyValueSpecification","valueRequired":true,"valueName":"search_term_string"}}],"inLanguage":"en-US"},{"@type":["Person","Organization"],"@id":"https:\/\/david-allemand.com\/en\/#\/schema\/person\/2219ae5dcb2ffa4f226119dd2895f8df","name":"David Allemand","image":{"@type":"ImageObject","inLanguage":"en-US","@id":"https:\/\/secure.gravatar.com\/avatar\/a7b8c93239d921a7382e8ac942b4b7f577b43148bea91623ff0460844afa3fea?s=96&d=mm&r=g","url":"https:\/\/secure.gravatar.com\/avatar\/a7b8c93239d921a7382e8ac942b4b7f577b43148bea91623ff0460844afa3fea?s=96&d=mm&r=g","contentUrl":"https:\/\/secure.gravatar.com\/avatar\/a7b8c93239d921a7382e8ac942b4b7f577b43148bea91623ff0460844afa3fea?s=96&d=mm&r=g","caption":"David Allemand"},"logo":{"@id":"https:\/\/secure.gravatar.com\/avatar\/a7b8c93239d921a7382e8ac942b4b7f577b43148bea91623ff0460844afa3fea?s=96&d=mm&r=g"}}]}},"_links":{"self":[{"href":"https:\/\/david-allemand.com\/en\/wp-json\/wp\/v2\/posts\/5465","targetHints":{"allow":["GET"]}}],"collection":[{"href":"https:\/\/david-allemand.com\/en\/wp-json\/wp\/v2\/posts"}],"about":[{"href":"https:\/\/david-allemand.com\/en\/wp-json\/wp\/v2\/types\/post"}],"author":[{"embeddable":true,"href":"https:\/\/david-allemand.com\/en\/wp-json\/wp\/v2\/users\/2"}],"replies":[{"embeddable":true,"href":"https:\/\/david-allemand.com\/en\/wp-json\/wp\/v2\/comments?post=5465"}],"version-history":[{"count":2,"href":"https:\/\/david-allemand.com\/en\/wp-json\/wp\/v2\/posts\/5465\/revisions"}],"predecessor-version":[{"id":5472,"href":"https:\/\/david-allemand.com\/en\/wp-json\/wp\/v2\/posts\/5465\/revisions\/5472"}],"wp:featuredmedia":[{"embeddable":true,"href":"https:\/\/david-allemand.com\/en\/wp-json\/wp\/v2\/media\/3904"}],"wp:attachment":[{"href":"https:\/\/david-allemand.com\/en\/wp-json\/wp\/v2\/media?parent=5465"}],"wp:term":[{"taxonomy":"category","embeddable":true,"href":"https:\/\/david-allemand.com\/en\/wp-json\/wp\/v2\/categories?post=5465"},{"taxonomy":"post_tag","embeddable":true,"href":"https:\/\/david-allemand.com\/en\/wp-json\/wp\/v2\/tags?post=5465"}],"curies":[{"name":"wp","href":"https:\/\/api.w.org\/{rel}","templated":true}]}}